[{"@context":"https:\/\/schema.org\/","@type":"Article","@id":"https:\/\/www.medias.sk\/co-si-obliect-v-chladnom-pocasi\/#Article","mainEntityOfPage":"https:\/\/www.medias.sk\/co-si-obliect-v-chladnom-pocasi\/","headline":"\u010co si obliec\u0165 v chladnom po\u010das\u00ed?","name":"\u010co si obliec\u0165 v chladnom po\u010das\u00ed?","description":"Klesli vonku teploty a vy ste smutn\u00e9, \u017ee skon\u010dilo tepl\u00e9 leto? Plavky, kra\u0165asy, tielka. Na nohy len nahod\u00edte \u0161\u013eapky a ide sa. Ak v\u0161ak milujete m\u00f3du pr\u00e1ve jese\u0148 a jar patria pre milovn\u00edkov m\u00f3dy medzi najob\u013e\u00fabenej\u0161ie obdobia. S va\u0161im outfitom sa m\u00f4\u017eete vyhra\u0165 do s\u00fdtosti a predvies\u0165 tak tie najorigin\u00e1lnej\u0161ie k\u00fasky. Pr\u00e1ve chladnej\u0161ie po\u010dasie je [&hellip;]","datePublished":"2022-01-08","dateModified":"2022-01-08","author":{"@type":"Person","@id":"https:\/\/www.medias.sk\/author\/#Person","name":"","url":"https:\/\/www.medias.sk\/author\/","identifier":1,"image":{"@type":"ImageObject","@id":"https:\/\/secure.gravatar.com\/avatar\/d7705a23c50ede72936119380238a88bdeb91030521f9262dc3abc6fdd8add33?s=96&d=mm&r=g","url":"https:\/\/secure.gravatar.com\/avatar\/d7705a23c50ede72936119380238a88bdeb91030521f9262dc3abc6fdd8add33?s=96&d=mm&r=g","height":96,"width":96}},"publisher":{"@type":"Organization","name":"medias.sk","logo":{"@type":"ImageObject","@id":"\/logo.png","url":"\/logo.png","width":600,"height":60}},"image":{"@type":"ImageObject","@id":"https:\/\/www.medias.sk\/wp-content\/uploads\/woman-2563491__340.jpg","url":"https:\/\/www.medias.sk\/wp-content\/uploads\/woman-2563491__340.jpg","height":0,"width":0},"url":"https:\/\/www.medias.sk\/co-si-obliect-v-chladnom-pocasi\/","about":["Politika"],"wordCount":395,"articleBody":"   Klesli vonku teploty a vy ste smutn\u00e9, \u017ee skon\u010dilo tepl\u00e9 leto? Plavky, kra\u0165asy, tielka. Na nohy len nahod\u00edte \u0161\u013eapky a ide sa. Ak v\u0161ak milujete m\u00f3du pr\u00e1ve jese\u0148 a jar patria pre milovn\u00edkov m\u00f3dy medzi najob\u013e\u00fabenej\u0161ie obdobia. S va\u0161im outfitom sa m\u00f4\u017eete vyhra\u0165 do s\u00fdtosti a predvies\u0165 tak tie najorigin\u00e1lnej\u0161ie k\u00fasky. Pr\u00e1ve chladnej\u0161ie po\u010dasie je ako stvoren\u00e9 na vrstvenie. \u010co vrstvenie znamen\u00e1?Vo va\u0161om \u0161atn\u00edku by nemali ch\u00fdba\u0165 z\u00e1kladn\u00e9 k\u00fasky oble\u010denia ako rol\u00e1ky a svetre. Pr\u00e1ve tie tvoria z\u00e1klad ka\u017ed\u00e9ho modern\u00e9ho outfitu. T\u00fato sez\u00f3nu s\u00fa v kurze menej v\u00fdrazn\u00e9 farby. Najm\u00e4 biela, \u010dierna a \u0161ed\u00e1. Ak si na seba vezmete rol\u00e1k alebo sveter v takejto farbe ni\u010d t\u00fdm nepokaz\u00edte. A \u017ee to p\u00f4sob\u00ed nudne? Pr\u00e1ve vrstven\u00edm m\u00f4\u017eete svoj vzh\u013ead zv\u00fdrazni\u0165. Zauj\u00edmav\u00fd kardig\u00e1n \u010di netradi\u010dn\u00fd kab\u00e1t z v\u00e1s urobia na ulici hotov\u00fa divu. Je potrebn\u00e9 v\u0161ak v\u0161etko spolu dobre skombinova\u0165. Pr\u00e1ve preto s\u00fa jednoduch\u00e9 rol\u00e1ky a svetre tak\u00e9 popul\u00e1rne. Viete ich skombinova\u0165 s \u010d\u00edmko\u013evek. Milujete D\u017e\u00ednsy s vysok\u00fdm p\u00e1som? Pokia\u013e v\u00e1m to va\u0161a postava dovo\u013euje siahnite po obtiahnut\u00fdch nohaviciach, do ktor\u00fdch sveter \u010di rol\u00e1k zaprav\u00edte. K tak\u00e9muto jednoduch\u00e9mu k\u00fasku sa skvele hodia aj leg\u00edny. Pr\u00e1ve pri takomto oble\u010den\u00ed m\u00f4\u017eete siahnu\u0165 po extravagantnom kab\u00e1te, za ktor\u00fdm sa ka\u017ed\u00fd oto\u010d\u00ed. Rol\u00e1ky a svetre s\u00fa skuto\u010dne v posledn\u00fdch sez\u00f3nach ve\u013emi ob\u013e\u00faben\u00e9. Neodmietli ich ani zn\u00e1me osobnosti. Vyberajte si v\u0161ak kvalitn\u00e9 materi\u00e1ly. Tieto k\u00fasky nos\u00edme najm\u00e4 v chladnej\u0161om obdob\u00ed a vo vyhriatych miestnostiach sa v nekvalitn\u00fdch svetroch \u010dasto pot\u00edme. Rol\u00e1ky a svetre Gameon pon\u00fakaj\u00fa \u0161irok\u00fd v\u00fdber modern\u00fdch k\u00faskov, medzi ktor\u00fdmi si na svoje pr\u00eddu \u017eeny v ka\u017edom veku a s ka\u017ed\u00fdm typom postavy. M\u00f4\u017eete tak z\u00edska\u0165 kvalitu za priazniv\u00e9 ceny. U\u017e sta\u010d\u00ed len doladi\u0165 doplnky a m\u00f4\u017eete vyrazi\u0165 do ul\u00edc. Ur\u010dite sa za vami ka\u017ed\u00fd oto\u010d\u00ed a vy sa budete c\u00edti\u0165 sebavedome, ale hlavne pohodlne.  "},{"@context":"https:\/\/schema.org\/","@type":"BreadcrumbList","itemListElement":[{"@type":"ListItem","position":1,"name":"\u010co si obliec\u0165 v chladnom po\u010das\u00ed?","item":"https:\/\/www.medias.sk\/co-si-obliect-v-chladnom-pocasi\/#breadcrumbitem"}]}]