[{"@context":"https:\/\/schema.org\/","@type":"Article","@id":"https:\/\/www.medias.sk\/umyvacka-riadu-a-pracka\/#Article","mainEntityOfPage":"https:\/\/www.medias.sk\/umyvacka-riadu-a-pracka\/","headline":"Um\u00fdva\u010dka riadu a pr\u00e1\u010dka","name":"Um\u00fdva\u010dka riadu a pr\u00e1\u010dka","description":"M\u00e1te doma r\u00f4zne spotrebi\u010de? Pr\u00e1ve spotrebi\u010de v\u00e1m isto u\u013eah\u010duj\u00fa r\u00f4zne \u010dinnosti. Dom\u00e1ce pr\u00e1ce si vieme u\u013eah\u010di\u0165 napr\u00edklad pr\u00e1\u010dkou, su\u0161i\u010dkou alebo aj takou um\u00fdva\u010dkou riadu. Aj vy tieto spotrebi\u010de pou\u017e\u00edvate ve\u013emi \u010dasto? Pr\u00e1ve um\u00fdva\u010dka riadu alebo pr\u00e1\u010dka n\u00e1m \u017een\u00e1m ve\u013emi pom\u00e1haj\u00fa aj ka\u017ed\u00fd de\u0148. Nemali by sme zab\u00fada\u0165, ko\u013eko pr\u00e1ce n\u00e1m pr\u00e1ve tieto elektrick\u00e9 spotrebi\u010de usporia [&hellip;]","datePublished":"2024-01-31","dateModified":"2024-01-31","author":{"@type":"Person","@id":"https:\/\/www.medias.sk\/author\/#Person","name":"","url":"https:\/\/www.medias.sk\/author\/","identifier":1,"image":{"@type":"ImageObject","@id":"https:\/\/secure.gravatar.com\/avatar\/d7705a23c50ede72936119380238a88bdeb91030521f9262dc3abc6fdd8add33?s=96&d=mm&r=g","url":"https:\/\/secure.gravatar.com\/avatar\/d7705a23c50ede72936119380238a88bdeb91030521f9262dc3abc6fdd8add33?s=96&d=mm&r=g","height":96,"width":96}},"publisher":{"@type":"Organization","name":"medias.sk","logo":{"@type":"ImageObject","@id":"\/logo.png","url":"\/logo.png","width":600,"height":60}},"image":{"@type":"ImageObject","@id":"https:\/\/www.medias.sk\/wp-content\/uploads\/washing-machine-1786385_640_3.png","url":"https:\/\/www.medias.sk\/wp-content\/uploads\/washing-machine-1786385_640_3.png","height":0,"width":0},"url":"https:\/\/www.medias.sk\/umyvacka-riadu-a-pracka\/","about":["Elektro"],"wordCount":489,"articleBody":"M\u00e1te doma r\u00f4zne spotrebi\u010de? Pr\u00e1ve spotrebi\u010de v\u00e1m isto u\u013eah\u010duj\u00fa r\u00f4zne \u010dinnosti. Dom\u00e1ce pr\u00e1ce si vieme u\u013eah\u010di\u0165 napr\u00edklad pr\u00e1\u010dkou, su\u0161i\u010dkou alebo aj takou um\u00fdva\u010dkou riadu. Aj vy tieto spotrebi\u010de pou\u017e\u00edvate ve\u013emi \u010dasto? Pr\u00e1ve um\u00fdva\u010dka riadu alebo pr\u00e1\u010dka n\u00e1m \u017een\u00e1m ve\u013emi pom\u00e1haj\u00fa aj ka\u017ed\u00fd de\u0148. Nemali by sme zab\u00fada\u0165, ko\u013eko pr\u00e1ce n\u00e1m pr\u00e1ve tieto elektrick\u00e9 spotrebi\u010de usporia n\u00e1\u0161ho vo\u013en\u00e9ho \u010dasu. M\u00f4\u017eeme sa zatia\u013e venova\u0165 \u00faplne in\u00fdm \u010dinnostiam, ktor\u00e9 s\u00fa pre n\u00e1s d\u00f4le\u017eit\u00e9 a potrebn\u00e9. Aj vy d\u00e1te um\u00fdva\u0165 riad alebo pra\u0165 a zatia\u013e sa venujete svojej ob\u013e\u00fabenej aktivite? Pr\u00e1ve spotrebi\u010de s\u00fa na to najvhodnej\u0161ie. Ak ich e\u0161te nem\u00e1te, odporu\u010d\u00edm v\u00e1m, aby ste si ich \u010do najsk\u00f4r zaobstarali. Len potom zist\u00edte to, \u010do ja u\u017e d\u00e1vno m\u00e1m odsk\u00fa\u0161an\u00e9.Um\u00fdva\u010dka riadu je ve\u013emi vz\u00e1cnym spotrebi\u010dom. Nauklad\u00e1te do nej \u0161pinav\u00fd riad a ona sa postar\u00e1 o to, aby bol riad pekne umyt\u00fd a \u010dist\u00fd. Dokonca ve\u013ea um\u00fdva\u010diek v\u00e1m vie aj vyle\u0161ti\u0165 riad. To by ste ru\u010dne asi \u0165a\u017eko dok\u00e1zali. Ak do um\u00fdva\u010dky riadu vlo\u017e\u00edte \u0161pinav\u00fd zape\u010den\u00fd pek\u00e1\u010d, um\u00fdva\u010dka sa o umytie raz dva postar\u00e1. Nemus\u00edte pek\u00e1\u010d \u0161urova\u0165 a drhn\u00fa\u0165 ru\u010dne dr\u00f4tenkou. Dr\u00f4tenku v\u0161ak m\u00f4\u017eete vyu\u017ei\u0165 na r\u00f4zne in\u00e9 zaschnut\u00e9 jedlo na kuchynskom riade. Niektor\u00e9 panvice mus\u00edte aj tak umy\u0165 ru\u010dne. \u010co v\u0161ak nie je a\u017e tak\u00e9 n\u00e1ro\u010dn\u00e9, ke\u010f\u017ee o v\u00e4\u010d\u0161inu riadu sa postar\u00e1 pr\u00e1ve vynikaj\u00faci elektrick\u00fd spotrebi\u010d, ktor\u00fdm je pr\u00e1ve um\u00fdva\u010dka riadu.Aj pr\u00e1\u010dka m\u00e1 v dom\u00e1cnosti ve\u013ek\u00e9 vyu\u017eitie. Viete si predstavi\u0165 \u017eivot bez nej? Pr\u00e1dlo by ste nemali tak\u00e9 vo\u0148av\u00e9 a \u010dist\u00e9 ako, ke\u010f ho vyberiete z pr\u00e1\u010dky. Sem tam by ste pr\u00e1\u010dku mali pusti\u0165 aj na vo\u013eno bez \u0161pinav\u00e9ho pr\u00e1dla. Mus\u00edte vlo\u017ei\u0165 so\u013e na uvo\u013enenie vodn\u00e9ho kame\u0148u alebo taktie\u017e nejak\u00fd \u010distiaci prostriedok vhodn\u00fd do pr\u00e1\u010dky. Tak\u00e9to \u010distiace prostriedky sa be\u017ene daj\u00fa k\u00fapi\u0165 v hociktorej drog\u00e9rii. Ve\u013emi dobr\u00fdm pomocn\u00edkom je aj su\u0161i\u010dka na pr\u00e1dlo. Ak m\u00e1te mal\u00fa k\u00fapel\u0148u e\u0161te nestr\u00e1cajte hlavu. Aj do malej k\u00fapelni viete umiestni\u0165 su\u0161i\u010dku bielizne. Umiestnite ju jednoducho nad va\u0161u pr\u00e1\u010dku za pomoci medzikusu. Medzikus v\u00e1m udr\u017e\u00ed su\u0161i\u010dku na pr\u00e1\u010dke, s t\u00fdm, \u017ee nespadne. Av\u0161ak je dobr\u00e9 ju prichyti\u0165 e\u0161te gurt\u0148ou. T\u00e1 je priamo v balen\u00ed, tak\u017ee ju nemus\u00edte kupova\u0165 zvl\u00e1\u0161\u0165."},{"@context":"https:\/\/schema.org\/","@type":"BreadcrumbList","itemListElement":[{"@type":"ListItem","position":1,"name":"Um\u00fdva\u010dka riadu a pr\u00e1\u010dka","item":"https:\/\/www.medias.sk\/umyvacka-riadu-a-pracka\/#breadcrumbitem"}]}]